{"id":168,"date":"2017-07-13T07:28:32","date_gmt":"2017-07-13T05:28:32","guid":{"rendered":"http:\/\/clinicaeliana.com\/blog\/?p=168"},"modified":"2020-07-23T09:37:27","modified_gmt":"2020-07-23T07:37:27","slug":"cuidados-proteger-a-los-ninos-del-calor","status":"publish","type":"post","link":"https:\/\/clinicaeliana.com\/blog\/cuidados-proteger-a-los-ninos-del-calor\/","title":{"rendered":"Cuidados para proteger a los ni\u00f1os del calor"},"content":{"rendered":"<p><span style=\"font-weight: 400;\">Es hora de <a href=\"https:\/\/clinicaeliana.com\/blog\/verano-saludable\/\" target=\"_blank\" rel=\"noopener noreferrer\">disfrutar del verano<\/a>, del sol, la playa, el descanso\u2026 Pero en esta \u00e9poca hay que tener mucho cuidado con las altas temperaturas, sobre todo con los ni\u00f1os, las personas mayores y los enfermos cr\u00f3nicos. En este caso en concreto vamos a dar unos <\/span><b>consejos para proteger a los ni\u00f1os del calor.<\/b><!--more--><\/p>\n<h2><b>C\u00f3mo proteger a los ni\u00f1os del calor<\/b><\/h2>\n<ol>\n<li style=\"font-weight: 400;\"><b>Mant\u00e9n al ni\u00f1o constantemente hidratado<\/b><span style=\"font-weight: 400;\">. Anima a tu hijo a estar hidratado, aunque no tenga sed debe beber agua o alg\u00fan l\u00edquido con mucha frecuencia. Si se trata de un beb\u00e9 que a\u00fan se alimenta de leche materna, se le puede dar leche de forma adicional, pero no agua.<\/span><\/li>\n<li style=\"font-weight: 400;\"><b>Limitar el tiempo al aire libre<\/b><span style=\"font-weight: 400;\">. Sabemos que esto es complicado trat\u00e1ndose de ni\u00f1os, pero hay que limitar en la medida que sea posible la exposici\u00f3n al sol entre las 12 de la ma\u00f1ana y las 5 de la tarde para proteger a los ni\u00f1os del calor. En el caso de encontrarte fuera de casa lo id\u00f3neo es buscar un lugar con aire acondicionado, o en el caso que esto sea imposible, una sombra para estar protegidos de los rayos del sol y del calor.<\/span><\/li>\n<li style=\"font-weight: 400;\"><b>Los beb\u00e9s no est\u00e1n acostumbrados a las temperaturas<\/b><span style=\"font-weight: 400;\">. Si tienes un beb\u00e9 debes ir exponi\u00e9ndolo al aire libre de forma gradual a lo largo de unos 15 d\u00edas, y si el calor es muy extremo, hacer descansos cada 30 minutos. Por otro lado, si la temperatura es superior a 30 grados, evita sacar al beb\u00e9 de casa, porque puede poner en peligro el organismo del beb\u00e9.<\/span><\/li>\n<li style=\"font-weight: 400;\"><b>V\u00edstelos con ropa ligera<\/b><span style=\"font-weight: 400;\">. Para proteger a los ni\u00f1os del calor, v\u00edstelos con ropa de colores claros y fina, lo perfecto son pantalones cortos y una camiseta de manga corta transpirable. En el caso de que se trate de un beb\u00e9 de menos de 6 meses, lo ideal es ponerle ropa finita, pero de manga larga. Y por supuesto, para todos, gorras o gorros.<\/span><\/li>\n<li style=\"font-weight: 400;\"><b>Mantenlo fresco<\/b><span style=\"font-weight: 400;\">. Si el ni\u00f1o est\u00e1 muy acalorado lo perfecto es darle un ba\u00f1o con agua fr\u00eda o si es posible nadar en una piscina, que es una forma de mantenerse fresco y activo a la vez.<\/span><\/li>\n<li style=\"font-weight: 400;\"><b>Pregunta sobre los horarios, pol\u00edticas, reglamentos si deja a sus ni\u00f1os en un campamento o similar. <\/b><span style=\"font-weight: 400;\">Debes informarte bien para saber c\u00f3mo van a proteger a tus hijos del calor durante el d\u00eda, especialmente si van a realizar actividades o ejercicios al aire libre.<\/span><\/li>\n<li style=\"font-weight: 400;\"><span style=\"font-weight: 400;\">Por \u00faltimo, para proteger a los ni\u00f1os del calor, <\/span><b>NO dejes, bajo ning\u00fan concepto, a los ni\u00f1os encerrados dentro del coche<\/b><span style=\"font-weight: 400;\">.<\/span><\/li>\n<\/ol>\n<p><span style=\"font-weight: 400;\">Te recomendamos que le hagas caso siempre a tu<strong> intuici\u00f3n de madre<\/strong>. Si piensas que hace demasiado calor para tu beb\u00e9 o tu hijo peque\u00f1o porque t\u00fa lo notas as\u00ed, lo m\u00e1s seguro es que tu hijo lo sienta exactamente igual, y deber\u00e1s extremar precauciones para proteger a los ni\u00f1os del calor.<\/span><\/p>\n","protected":false},"excerpt":{"rendered":"<p>Es hora de disfrutar del verano, del sol, la playa, el descanso\u2026 Pero en esta \u00e9poca hay que tener mucho cuidado con las altas temperaturas, sobre todo con los ni\u00f1os, las personas mayores y los enfermos cr\u00f3nicos. En este caso en concreto vamos a dar unos consejos para proteger a los ni\u00f1os del calor.<\/p>\n","protected":false},"author":5,"featured_media":169,"comment_status":"open","ping_status":"closed","sticky":false,"template":"","format":"standard","meta":{"footnotes":""},"categories":[4],"tags":[24,26,25],"yoast_head":"<!-- This site is optimized with the Yoast SEO plugin v24.5 - https:\/\/yoast.com\/wordpress\/plugins\/seo\/ -->\n<title>Cuidados para proteger a los ni\u00f1os del calor | Cl\u00ednica Eliana<\/title>\n<meta name=\"description\" content=\"\u00bfSabes c\u00f3mo proteger a los ni\u00f1os del calor? Este verano tener en cuenta estos cuidados y consigue un verano saludable para ellos.\" \/>\n<meta name=\"robots\" content=\"index, follow, max-snippet:-1, max-image-preview:large, max-video-preview:-1\" \/>\n<link rel=\"canonical\" href=\"https:\/\/clinicaeliana.com\/blog\/cuidados-proteger-a-los-ninos-del-calor\/\" \/>\n<meta property=\"og:locale\" content=\"es_ES\" \/>\n<meta property=\"og:type\" content=\"article\" \/>\n<meta property=\"og:title\" content=\"Cuidados para proteger a los ni\u00f1os del calor | Cl\u00ednica Eliana\" \/>\n<meta property=\"og:description\" content=\"\u00bfSabes c\u00f3mo proteger a los ni\u00f1os del calor? Este verano tener en cuenta estos cuidados y consigue un verano saludable para ellos.\" \/>\n<meta property=\"og:url\" content=\"https:\/\/clinicaeliana.com\/blog\/cuidados-proteger-a-los-ninos-del-calor\/\" \/>\n<meta property=\"og:site_name\" content=\"Blog Cl\u00ednica Eliana\" \/>\n<meta property=\"article:published_time\" content=\"2017-07-13T05:28:32+00:00\" \/>\n<meta property=\"article:modified_time\" content=\"2020-07-23T07:37:27+00:00\" \/>\n<meta property=\"og:image\" content=\"https:\/\/clinicaeliana.com\/blog\/wp-content\/uploads\/2017\/07\/proteger-a-los-ninos-del-calor.jpg\" \/>\n\t<meta property=\"og:image:width\" content=\"844\" \/>\n\t<meta property=\"og:image:height\" content=\"489\" \/>\n\t<meta property=\"og:image:type\" content=\"image\/jpeg\" \/>\n<meta name=\"author\" content=\"clinicalelianaadmin\" \/>\n<meta name=\"twitter:card\" content=\"summary_large_image\" \/>\n<meta name=\"twitter:label1\" content=\"Escrito por\" \/>\n\t<meta name=\"twitter:data1\" content=\"clinicalelianaadmin\" \/>\n\t<meta name=\"twitter:label2\" content=\"Tiempo de lectura\" \/>\n\t<meta name=\"twitter:data2\" content=\"3 minutos\" \/>\n<script type=\"application\/ld+json\" class=\"yoast-schema-graph\">{\"@context\":\"https:\/\/schema.org\",\"@graph\":[{\"@type\":\"Article\",\"@id\":\"https:\/\/clinicaeliana.com\/blog\/cuidados-proteger-a-los-ninos-del-calor\/#article\",\"isPartOf\":{\"@id\":\"https:\/\/clinicaeliana.com\/blog\/cuidados-proteger-a-los-ninos-del-calor\/\"},\"author\":{\"name\":\"clinicalelianaadmin\",\"@id\":\"https:\/\/clinicaeliana.com\/blog\/#\/schema\/person\/7e93a83595edb69c028916c489319fc2\"},\"headline\":\"Cuidados para proteger a los ni\u00f1os del calor\",\"datePublished\":\"2017-07-13T05:28:32+00:00\",\"dateModified\":\"2020-07-23T07:37:27+00:00\",\"mainEntityOfPage\":{\"@id\":\"https:\/\/clinicaeliana.com\/blog\/cuidados-proteger-a-los-ninos-del-calor\/\"},\"wordCount\":520,\"commentCount\":0,\"publisher\":{\"@id\":\"https:\/\/clinicaeliana.com\/blog\/#organization\"},\"image\":{\"@id\":\"https:\/\/clinicaeliana.com\/blog\/cuidados-proteger-a-los-ninos-del-calor\/#primaryimage\"},\"thumbnailUrl\":\"https:\/\/clinicaeliana.com\/blog\/wp-content\/uploads\/2017\/07\/proteger-a-los-ninos-del-calor.jpg\",\"keywords\":[\"calor\",\"ni\u00f1os\",\"verano\"],\"articleSection\":[\"Salud infantil\"],\"inLanguage\":\"es\",\"potentialAction\":[{\"@type\":\"CommentAction\",\"name\":\"Comment\",\"target\":[\"https:\/\/clinicaeliana.com\/blog\/cuidados-proteger-a-los-ninos-del-calor\/#respond\"]}]},{\"@type\":\"WebPage\",\"@id\":\"https:\/\/clinicaeliana.com\/blog\/cuidados-proteger-a-los-ninos-del-calor\/\",\"url\":\"https:\/\/clinicaeliana.com\/blog\/cuidados-proteger-a-los-ninos-del-calor\/\",\"name\":\"Cuidados para proteger a los ni\u00f1os del calor | Cl\u00ednica Eliana\",\"isPartOf\":{\"@id\":\"https:\/\/clinicaeliana.com\/blog\/#website\"},\"primaryImageOfPage\":{\"@id\":\"https:\/\/clinicaeliana.com\/blog\/cuidados-proteger-a-los-ninos-del-calor\/#primaryimage\"},\"image\":{\"@id\":\"https:\/\/clinicaeliana.com\/blog\/cuidados-proteger-a-los-ninos-del-calor\/#primaryimage\"},\"thumbnailUrl\":\"https:\/\/clinicaeliana.com\/blog\/wp-content\/uploads\/2017\/07\/proteger-a-los-ninos-del-calor.jpg\",\"datePublished\":\"2017-07-13T05:28:32+00:00\",\"dateModified\":\"2020-07-23T07:37:27+00:00\",\"description\":\"\u00bfSabes c\u00f3mo proteger a los ni\u00f1os del calor? Este verano tener en cuenta estos cuidados y consigue un verano saludable para ellos.\",\"breadcrumb\":{\"@id\":\"https:\/\/clinicaeliana.com\/blog\/cuidados-proteger-a-los-ninos-del-calor\/#breadcrumb\"},\"inLanguage\":\"es\",\"potentialAction\":[{\"@type\":\"ReadAction\",\"target\":[\"https:\/\/clinicaeliana.com\/blog\/cuidados-proteger-a-los-ninos-del-calor\/\"]}]},{\"@type\":\"ImageObject\",\"inLanguage\":\"es\",\"@id\":\"https:\/\/clinicaeliana.com\/blog\/cuidados-proteger-a-los-ninos-del-calor\/#primaryimage\",\"url\":\"https:\/\/clinicaeliana.com\/blog\/wp-content\/uploads\/2017\/07\/proteger-a-los-ninos-del-calor.jpg\",\"contentUrl\":\"https:\/\/clinicaeliana.com\/blog\/wp-content\/uploads\/2017\/07\/proteger-a-los-ninos-del-calor.jpg\",\"width\":844,\"height\":489,\"caption\":\"proteger a los ni\u00f1os del calor\"},{\"@type\":\"BreadcrumbList\",\"@id\":\"https:\/\/clinicaeliana.com\/blog\/cuidados-proteger-a-los-ninos-del-calor\/#breadcrumb\",\"itemListElement\":[{\"@type\":\"ListItem\",\"position\":1,\"name\":\"Portada\",\"item\":\"https:\/\/clinicaeliana.com\/blog\/\"},{\"@type\":\"ListItem\",\"position\":2,\"name\":\"Cuidados para proteger a los ni\u00f1os del calor\"}]},{\"@type\":\"WebSite\",\"@id\":\"https:\/\/clinicaeliana.com\/blog\/#website\",\"url\":\"https:\/\/clinicaeliana.com\/blog\/\",\"name\":\"Blog Cl\u00ednica Eliana\",\"description\":\"Blog Cl\u00ednica Eliana\",\"publisher\":{\"@id\":\"https:\/\/clinicaeliana.com\/blog\/#organization\"},\"potentialAction\":[{\"@type\":\"SearchAction\",\"target\":{\"@type\":\"EntryPoint\",\"urlTemplate\":\"https:\/\/clinicaeliana.com\/blog\/?s={search_term_string}\"},\"query-input\":{\"@type\":\"PropertyValueSpecification\",\"valueRequired\":true,\"valueName\":\"search_term_string\"}}],\"inLanguage\":\"es\"},{\"@type\":\"Organization\",\"@id\":\"https:\/\/clinicaeliana.com\/blog\/#organization\",\"name\":\"Blog Cl\u00ednica Eliana\",\"url\":\"https:\/\/clinicaeliana.com\/blog\/\",\"logo\":{\"@type\":\"ImageObject\",\"inLanguage\":\"es\",\"@id\":\"https:\/\/clinicaeliana.com\/blog\/#\/schema\/logo\/image\/\",\"url\":\"https:\/\/clinicaeliana.com\/blog\/wp-content\/uploads\/2016\/11\/clinicaeliana.png\",\"contentUrl\":\"https:\/\/clinicaeliana.com\/blog\/wp-content\/uploads\/2016\/11\/clinicaeliana.png\",\"width\":181,\"height\":68,\"caption\":\"Blog Cl\u00ednica Eliana\"},\"image\":{\"@id\":\"https:\/\/clinicaeliana.com\/blog\/#\/schema\/logo\/image\/\"}},{\"@type\":\"Person\",\"@id\":\"https:\/\/clinicaeliana.com\/blog\/#\/schema\/person\/7e93a83595edb69c028916c489319fc2\",\"name\":\"clinicalelianaadmin\",\"url\":\"https:\/\/clinicaeliana.com\/blog\/author\/clinicalelianaadmin\/\"}]}<\/script>\n<!-- \/ Yoast SEO plugin. -->","yoast_head_json":{"title":"Cuidados para proteger a los ni\u00f1os del calor | Cl\u00ednica Eliana","description":"\u00bfSabes c\u00f3mo proteger a los ni\u00f1os del calor? Este verano tener en cuenta estos cuidados y consigue un verano saludable para ellos.","robots":{"index":"index","follow":"follow","max-snippet":"max-snippet:-1","max-image-preview":"max-image-preview:large","max-video-preview":"max-video-preview:-1"},"canonical":"https:\/\/clinicaeliana.com\/blog\/cuidados-proteger-a-los-ninos-del-calor\/","og_locale":"es_ES","og_type":"article","og_title":"Cuidados para proteger a los ni\u00f1os del calor | Cl\u00ednica Eliana","og_description":"\u00bfSabes c\u00f3mo proteger a los ni\u00f1os del calor? Este verano tener en cuenta estos cuidados y consigue un verano saludable para ellos.","og_url":"https:\/\/clinicaeliana.com\/blog\/cuidados-proteger-a-los-ninos-del-calor\/","og_site_name":"Blog Cl\u00ednica Eliana","article_published_time":"2017-07-13T05:28:32+00:00","article_modified_time":"2020-07-23T07:37:27+00:00","og_image":[{"width":844,"height":489,"url":"https:\/\/clinicaeliana.com\/blog\/wp-content\/uploads\/2017\/07\/proteger-a-los-ninos-del-calor.jpg","type":"image\/jpeg"}],"author":"clinicalelianaadmin","twitter_card":"summary_large_image","twitter_misc":{"Escrito por":"clinicalelianaadmin","Tiempo de lectura":"3 minutos"},"schema":{"@context":"https:\/\/schema.org","@graph":[{"@type":"Article","@id":"https:\/\/clinicaeliana.com\/blog\/cuidados-proteger-a-los-ninos-del-calor\/#article","isPartOf":{"@id":"https:\/\/clinicaeliana.com\/blog\/cuidados-proteger-a-los-ninos-del-calor\/"},"author":{"name":"clinicalelianaadmin","@id":"https:\/\/clinicaeliana.com\/blog\/#\/schema\/person\/7e93a83595edb69c028916c489319fc2"},"headline":"Cuidados para proteger a los ni\u00f1os del calor","datePublished":"2017-07-13T05:28:32+00:00","dateModified":"2020-07-23T07:37:27+00:00","mainEntityOfPage":{"@id":"https:\/\/clinicaeliana.com\/blog\/cuidados-proteger-a-los-ninos-del-calor\/"},"wordCount":520,"commentCount":0,"publisher":{"@id":"https:\/\/clinicaeliana.com\/blog\/#organization"},"image":{"@id":"https:\/\/clinicaeliana.com\/blog\/cuidados-proteger-a-los-ninos-del-calor\/#primaryimage"},"thumbnailUrl":"https:\/\/clinicaeliana.com\/blog\/wp-content\/uploads\/2017\/07\/proteger-a-los-ninos-del-calor.jpg","keywords":["calor","ni\u00f1os","verano"],"articleSection":["Salud infantil"],"inLanguage":"es","potentialAction":[{"@type":"CommentAction","name":"Comment","target":["https:\/\/clinicaeliana.com\/blog\/cuidados-proteger-a-los-ninos-del-calor\/#respond"]}]},{"@type":"WebPage","@id":"https:\/\/clinicaeliana.com\/blog\/cuidados-proteger-a-los-ninos-del-calor\/","url":"https:\/\/clinicaeliana.com\/blog\/cuidados-proteger-a-los-ninos-del-calor\/","name":"Cuidados para proteger a los ni\u00f1os del calor | Cl\u00ednica Eliana","isPartOf":{"@id":"https:\/\/clinicaeliana.com\/blog\/#website"},"primaryImageOfPage":{"@id":"https:\/\/clinicaeliana.com\/blog\/cuidados-proteger-a-los-ninos-del-calor\/#primaryimage"},"image":{"@id":"https:\/\/clinicaeliana.com\/blog\/cuidados-proteger-a-los-ninos-del-calor\/#primaryimage"},"thumbnailUrl":"https:\/\/clinicaeliana.com\/blog\/wp-content\/uploads\/2017\/07\/proteger-a-los-ninos-del-calor.jpg","datePublished":"2017-07-13T05:28:32+00:00","dateModified":"2020-07-23T07:37:27+00:00","description":"\u00bfSabes c\u00f3mo proteger a los ni\u00f1os del calor? Este verano tener en cuenta estos cuidados y consigue un verano saludable para ellos.","breadcrumb":{"@id":"https:\/\/clinicaeliana.com\/blog\/cuidados-proteger-a-los-ninos-del-calor\/#breadcrumb"},"inLanguage":"es","potentialAction":[{"@type":"ReadAction","target":["https:\/\/clinicaeliana.com\/blog\/cuidados-proteger-a-los-ninos-del-calor\/"]}]},{"@type":"ImageObject","inLanguage":"es","@id":"https:\/\/clinicaeliana.com\/blog\/cuidados-proteger-a-los-ninos-del-calor\/#primaryimage","url":"https:\/\/clinicaeliana.com\/blog\/wp-content\/uploads\/2017\/07\/proteger-a-los-ninos-del-calor.jpg","contentUrl":"https:\/\/clinicaeliana.com\/blog\/wp-content\/uploads\/2017\/07\/proteger-a-los-ninos-del-calor.jpg","width":844,"height":489,"caption":"proteger a los ni\u00f1os del calor"},{"@type":"BreadcrumbList","@id":"https:\/\/clinicaeliana.com\/blog\/cuidados-proteger-a-los-ninos-del-calor\/#breadcrumb","itemListElement":[{"@type":"ListItem","position":1,"name":"Portada","item":"https:\/\/clinicaeliana.com\/blog\/"},{"@type":"ListItem","position":2,"name":"Cuidados para proteger a los ni\u00f1os del calor"}]},{"@type":"WebSite","@id":"https:\/\/clinicaeliana.com\/blog\/#website","url":"https:\/\/clinicaeliana.com\/blog\/","name":"Blog Cl\u00ednica Eliana","description":"Blog Cl\u00ednica Eliana","publisher":{"@id":"https:\/\/clinicaeliana.com\/blog\/#organization"},"potentialAction":[{"@type":"SearchAction","target":{"@type":"EntryPoint","urlTemplate":"https:\/\/clinicaeliana.com\/blog\/?s={search_term_string}"},"query-input":{"@type":"PropertyValueSpecification","valueRequired":true,"valueName":"search_term_string"}}],"inLanguage":"es"},{"@type":"Organization","@id":"https:\/\/clinicaeliana.com\/blog\/#organization","name":"Blog Cl\u00ednica Eliana","url":"https:\/\/clinicaeliana.com\/blog\/","logo":{"@type":"ImageObject","inLanguage":"es","@id":"https:\/\/clinicaeliana.com\/blog\/#\/schema\/logo\/image\/","url":"https:\/\/clinicaeliana.com\/blog\/wp-content\/uploads\/2016\/11\/clinicaeliana.png","contentUrl":"https:\/\/clinicaeliana.com\/blog\/wp-content\/uploads\/2016\/11\/clinicaeliana.png","width":181,"height":68,"caption":"Blog Cl\u00ednica Eliana"},"image":{"@id":"https:\/\/clinicaeliana.com\/blog\/#\/schema\/logo\/image\/"}},{"@type":"Person","@id":"https:\/\/clinicaeliana.com\/blog\/#\/schema\/person\/7e93a83595edb69c028916c489319fc2","name":"clinicalelianaadmin","url":"https:\/\/clinicaeliana.com\/blog\/author\/clinicalelianaadmin\/"}]}},"_links":{"self":[{"href":"https:\/\/clinicaeliana.com\/blog\/wp-json\/wp\/v2\/posts\/168"}],"collection":[{"href":"https:\/\/clinicaeliana.com\/blog\/wp-json\/wp\/v2\/posts"}],"about":[{"href":"https:\/\/clinicaeliana.com\/blog\/wp-json\/wp\/v2\/types\/post"}],"author":[{"embeddable":true,"href":"https:\/\/clinicaeliana.com\/blog\/wp-json\/wp\/v2\/users\/5"}],"replies":[{"embeddable":true,"href":"https:\/\/clinicaeliana.com\/blog\/wp-json\/wp\/v2\/comments?post=168"}],"version-history":[{"count":2,"href":"https:\/\/clinicaeliana.com\/blog\/wp-json\/wp\/v2\/posts\/168\/revisions"}],"predecessor-version":[{"id":436,"href":"https:\/\/clinicaeliana.com\/blog\/wp-json\/wp\/v2\/posts\/168\/revisions\/436"}],"wp:featuredmedia":[{"embeddable":true,"href":"https:\/\/clinicaeliana.com\/blog\/wp-json\/wp\/v2\/media\/169"}],"wp:attachment":[{"href":"https:\/\/clinicaeliana.com\/blog\/wp-json\/wp\/v2\/media?parent=168"}],"wp:term":[{"taxonomy":"category","embeddable":true,"href":"https:\/\/clinicaeliana.com\/blog\/wp-json\/wp\/v2\/categories?post=168"},{"taxonomy":"post_tag","embeddable":true,"href":"https:\/\/clinicaeliana.com\/blog\/wp-json\/wp\/v2\/tags?post=168"}],"curies":[{"name":"wp","href":"https:\/\/api.w.org\/{rel}","templated":true}]}}